{"id":3936,"date":"2021-06-12T08:03:15","date_gmt":"2021-06-12T06:03:15","guid":{"rendered":"https:\/\/conservatoridansaalcoi.com\/cloenda-del-curs-academic\/"},"modified":"2021-09-08T11:33:03","modified_gmt":"2021-09-08T09:33:03","slug":"cloenda-del-curs-academic","status":"publish","type":"post","link":"https:\/\/www.conservatoridansaalcoi.com\/va\/cloenda-del-curs-academic\/","title":{"rendered":"Cloenda del curs Acad\u00e8mic"},"content":{"rendered":"\n<p>Els dies 16 i 17 de juny a les 19 h en el teatre Calder\u00f3n es celebraran les Cloendes del curs 2020\/2021<\/p>\n","protected":false},"excerpt":{"rendered":"<p>Aquesta nova gala que presentem suposa un repte molt important per a tot l&#8217;alumnat que compon el conservatori elemental de dansa d&#8217;Alcoi.<br \/>\nUn somni que el curs passat no vam poder tindre i tal vegada per aix\u00f2, aquest \u00e9s m\u00e9s especial que mai.<br \/>\nLa clausura d&#8217;un curs escolar que, malgrat les dificultats, no ha faltat l&#8217;esfor\u00e7 i treball per continuar creixent com a ballarins i desenvolupant una infinitat de capacitats art\u00edstiques.<br \/>\nDos dies, replets d&#8217;il\u00b7lusi\u00f3 per demostrar l&#8217;apr\u00e9s, amb coreografies des del m\u00e9s pur estil cl\u00e0ssic, passant per la dansa contempor\u00e0nia i la dansa espanyola en totes les seues disciplines, sense oblidar la creativitat de l&#8217;alumnat m\u00e9s xicotet.<\/p>\n","protected":false},"author":5,"featured_media":3929,"comment_status":"open","ping_status":"open","sticky":true,"template":"","format":"standard","meta":{"_acf_changed":false,"footnotes":""},"categories":[4],"tags":[],"class_list":["post-3936","post","type-post","status-publish","format-standard","has-post-thumbnail","hentry","category-uncategorized-va"],"acf":[],"yoast_head":"<!-- This site is optimized with the Yoast SEO plugin v27.3 - https:\/\/yoast.com\/product\/yoast-seo-wordpress\/ -->\n<title>Cloenda del curs Acad\u00e8mic - Conservatorio de Danza<\/title>\n<meta name=\"robots\" content=\"index, follow, max-snippet:-1, max-image-preview:large, max-video-preview:-1\" \/>\n<link rel=\"canonical\" href=\"https:\/\/www.conservatoridansaalcoi.com\/va\/cloenda-del-curs-academic\/\" \/>\n<meta property=\"og:locale\" content=\"es_ES\" \/>\n<meta property=\"og:type\" content=\"article\" \/>\n<meta property=\"og:title\" content=\"Cloenda del curs Acad\u00e8mic - Conservatorio de Danza\" \/>\n<meta property=\"og:description\" content=\"Aquesta nova gala que presentem suposa un repte molt important per a tot l&#039;alumnat que compon el conservatori elemental de dansa d&#039;Alcoi.  Un somni que el curs passat no vam poder tindre i tal vegada per aix\u00f2, aquest \u00e9s m\u00e9s especial que mai.  La clausura d&#039;un curs escolar que, malgrat les dificultats, no ha faltat l&#039;esfor\u00e7 i treball per continuar creixent com a ballarins i desenvolupant una infinitat de capacitats art\u00edstiques. Dos dies, replets d&#039;il\u00b7lusi\u00f3 per demostrar l&#039;apr\u00e9s, amb coreografies des del m\u00e9s pur estil cl\u00e0ssic, passant per la dansa contempor\u00e0nia i la dansa espanyola en totes les seues disciplines, sense oblidar la creativitat de l&#039;alumnat m\u00e9s xicotet.\" \/>\n<meta property=\"og:url\" content=\"https:\/\/www.conservatoridansaalcoi.com\/va\/cloenda-del-curs-academic\/\" \/>\n<meta property=\"og:site_name\" content=\"Conservatorio de Danza\" \/>\n<meta property=\"article:published_time\" content=\"2021-06-12T06:03:15+00:00\" \/>\n<meta property=\"article:modified_time\" content=\"2021-09-08T09:33:03+00:00\" \/>\n<meta property=\"og:image\" content=\"https:\/\/www.conservatoridansaalcoi.com\/wp-content\/uploads\/2021\/06\/WhatsApp-Image-2021-06-02-at-19.07.36.jpeg\" \/>\n\t<meta property=\"og:image:width\" content=\"691\" \/>\n\t<meta property=\"og:image:height\" content=\"1024\" \/>\n\t<meta property=\"og:image:type\" content=\"image\/jpeg\" \/>\n<meta name=\"author\" content=\"Carmina\" \/>\n<meta name=\"twitter:card\" content=\"summary_large_image\" \/>\n<meta name=\"twitter:label1\" content=\"Written by\" \/>\n\t<meta name=\"twitter:data1\" content=\"Carmina\" \/>\n<script type=\"application\/ld+json\" class=\"yoast-schema-graph\">{\"@context\":\"https:\\\/\\\/schema.org\",\"@graph\":[{\"@type\":\"Article\",\"@id\":\"https:\\\/\\\/www.conservatoridansaalcoi.com\\\/va\\\/cloenda-del-curs-academic\\\/#article\",\"isPartOf\":{\"@id\":\"https:\\\/\\\/www.conservatoridansaalcoi.com\\\/va\\\/cloenda-del-curs-academic\\\/\"},\"author\":{\"name\":\"Carmina\",\"@id\":\"https:\\\/\\\/www.conservatoridansaalcoi.com\\\/va\\\/#\\\/schema\\\/person\\\/7f3d836291f5a354df9cd07db5e01522\"},\"headline\":\"Cloenda del curs Acad\u00e8mic\",\"datePublished\":\"2021-06-12T06:03:15+00:00\",\"dateModified\":\"2021-09-08T09:33:03+00:00\",\"mainEntityOfPage\":{\"@id\":\"https:\\\/\\\/www.conservatoridansaalcoi.com\\\/va\\\/cloenda-del-curs-academic\\\/\"},\"wordCount\":24,\"commentCount\":0,\"publisher\":{\"@id\":\"https:\\\/\\\/www.conservatoridansaalcoi.com\\\/va\\\/#organization\"},\"image\":{\"@id\":\"https:\\\/\\\/www.conservatoridansaalcoi.com\\\/va\\\/cloenda-del-curs-academic\\\/#primaryimage\"},\"thumbnailUrl\":\"https:\\\/\\\/www.conservatoridansaalcoi.com\\\/wp-content\\\/uploads\\\/2021\\\/06\\\/WhatsApp-Image-2021-06-02-at-19.07.36.jpeg\",\"articleSection\":[\"Uncategorized @va\"],\"inLanguage\":\"es-VA\",\"potentialAction\":[{\"@type\":\"CommentAction\",\"name\":\"Comment\",\"target\":[\"https:\\\/\\\/www.conservatoridansaalcoi.com\\\/va\\\/cloenda-del-curs-academic\\\/#respond\"]}]},{\"@type\":\"WebPage\",\"@id\":\"https:\\\/\\\/www.conservatoridansaalcoi.com\\\/va\\\/cloenda-del-curs-academic\\\/\",\"url\":\"https:\\\/\\\/www.conservatoridansaalcoi.com\\\/va\\\/cloenda-del-curs-academic\\\/\",\"name\":\"Cloenda del curs Acad\u00e8mic - Conservatorio de Danza\",\"isPartOf\":{\"@id\":\"https:\\\/\\\/www.conservatoridansaalcoi.com\\\/va\\\/#website\"},\"primaryImageOfPage\":{\"@id\":\"https:\\\/\\\/www.conservatoridansaalcoi.com\\\/va\\\/cloenda-del-curs-academic\\\/#primaryimage\"},\"image\":{\"@id\":\"https:\\\/\\\/www.conservatoridansaalcoi.com\\\/va\\\/cloenda-del-curs-academic\\\/#primaryimage\"},\"thumbnailUrl\":\"https:\\\/\\\/www.conservatoridansaalcoi.com\\\/wp-content\\\/uploads\\\/2021\\\/06\\\/WhatsApp-Image-2021-06-02-at-19.07.36.jpeg\",\"datePublished\":\"2021-06-12T06:03:15+00:00\",\"dateModified\":\"2021-09-08T09:33:03+00:00\",\"breadcrumb\":{\"@id\":\"https:\\\/\\\/www.conservatoridansaalcoi.com\\\/va\\\/cloenda-del-curs-academic\\\/#breadcrumb\"},\"inLanguage\":\"es-VA\",\"potentialAction\":[{\"@type\":\"ReadAction\",\"target\":[\"https:\\\/\\\/www.conservatoridansaalcoi.com\\\/va\\\/cloenda-del-curs-academic\\\/\"]}]},{\"@type\":\"ImageObject\",\"inLanguage\":\"es-VA\",\"@id\":\"https:\\\/\\\/www.conservatoridansaalcoi.com\\\/va\\\/cloenda-del-curs-academic\\\/#primaryimage\",\"url\":\"https:\\\/\\\/www.conservatoridansaalcoi.com\\\/wp-content\\\/uploads\\\/2021\\\/06\\\/WhatsApp-Image-2021-06-02-at-19.07.36.jpeg\",\"contentUrl\":\"https:\\\/\\\/www.conservatoridansaalcoi.com\\\/wp-content\\\/uploads\\\/2021\\\/06\\\/WhatsApp-Image-2021-06-02-at-19.07.36.jpeg\",\"width\":691,\"height\":1024,\"caption\":\"Informaci\u00f3n Clausura del curs 2021\"},{\"@type\":\"BreadcrumbList\",\"@id\":\"https:\\\/\\\/www.conservatoridansaalcoi.com\\\/va\\\/cloenda-del-curs-academic\\\/#breadcrumb\",\"itemListElement\":[{\"@type\":\"ListItem\",\"position\":1,\"name\":\"Home\",\"item\":\"https:\\\/\\\/www.conservatoridansaalcoi.com\\\/va\\\/\"},{\"@type\":\"ListItem\",\"position\":2,\"name\":\"Cloenda del curs Acad\u00e8mic\"}]},{\"@type\":\"WebSite\",\"@id\":\"https:\\\/\\\/www.conservatoridansaalcoi.com\\\/va\\\/#website\",\"url\":\"https:\\\/\\\/www.conservatoridansaalcoi.com\\\/va\\\/\",\"name\":\"Conservatorio de Danza\",\"description\":\"La danza es el \u00fanico arte en el que nosotros mismos somos el material del que el arte est\u00e1 hecho.\",\"publisher\":{\"@id\":\"https:\\\/\\\/www.conservatoridansaalcoi.com\\\/va\\\/#organization\"},\"potentialAction\":[{\"@type\":\"SearchAction\",\"target\":{\"@type\":\"EntryPoint\",\"urlTemplate\":\"https:\\\/\\\/www.conservatoridansaalcoi.com\\\/va\\\/?s={search_term_string}\"},\"query-input\":{\"@type\":\"PropertyValueSpecification\",\"valueRequired\":true,\"valueName\":\"search_term_string\"}}],\"inLanguage\":\"es-VA\"},{\"@type\":\"Organization\",\"@id\":\"https:\\\/\\\/www.conservatoridansaalcoi.com\\\/va\\\/#organization\",\"name\":\"Conservatorio de Danza\",\"url\":\"https:\\\/\\\/www.conservatoridansaalcoi.com\\\/va\\\/\",\"logo\":{\"@type\":\"ImageObject\",\"inLanguage\":\"es-VA\",\"@id\":\"https:\\\/\\\/www.conservatoridansaalcoi.com\\\/va\\\/#\\\/schema\\\/logo\\\/image\\\/\",\"url\":\"https:\\\/\\\/www.conservatoridansaalcoi.com\\\/wp-content\\\/uploads\\\/2020\\\/08\\\/logo-conservatorio-danza-h.svg\",\"contentUrl\":\"https:\\\/\\\/www.conservatoridansaalcoi.com\\\/wp-content\\\/uploads\\\/2020\\\/08\\\/logo-conservatorio-danza-h.svg\",\"width\":1,\"height\":1,\"caption\":\"Conservatorio de Danza\"},\"image\":{\"@id\":\"https:\\\/\\\/www.conservatoridansaalcoi.com\\\/va\\\/#\\\/schema\\\/logo\\\/image\\\/\"}},{\"@type\":\"Person\",\"@id\":\"https:\\\/\\\/www.conservatoridansaalcoi.com\\\/va\\\/#\\\/schema\\\/person\\\/7f3d836291f5a354df9cd07db5e01522\",\"name\":\"Carmina\",\"image\":{\"@type\":\"ImageObject\",\"inLanguage\":\"es-VA\",\"@id\":\"https:\\\/\\\/secure.gravatar.com\\\/avatar\\\/5026b95ee0fb7f9edb0e854d10eb46551fbbb5ecc884f9642e6a5884fdc7fe96?s=96&d=mm&r=g\",\"url\":\"https:\\\/\\\/secure.gravatar.com\\\/avatar\\\/5026b95ee0fb7f9edb0e854d10eb46551fbbb5ecc884f9642e6a5884fdc7fe96?s=96&d=mm&r=g\",\"contentUrl\":\"https:\\\/\\\/secure.gravatar.com\\\/avatar\\\/5026b95ee0fb7f9edb0e854d10eb46551fbbb5ecc884f9642e6a5884fdc7fe96?s=96&d=mm&r=g\",\"caption\":\"Carmina\"},\"url\":\"https:\\\/\\\/www.conservatoridansaalcoi.com\\\/va\\\/author\\\/carmina\\\/\"}]}<\/script>\n<!-- \/ Yoast SEO plugin. -->","yoast_head_json":{"title":"Cloenda del curs Acad\u00e8mic - Conservatorio de Danza","robots":{"index":"index","follow":"follow","max-snippet":"max-snippet:-1","max-image-preview":"max-image-preview:large","max-video-preview":"max-video-preview:-1"},"canonical":"https:\/\/www.conservatoridansaalcoi.com\/va\/cloenda-del-curs-academic\/","og_locale":"es_ES","og_type":"article","og_title":"Cloenda del curs Acad\u00e8mic - Conservatorio de Danza","og_description":"Aquesta nova gala que presentem suposa un repte molt important per a tot l'alumnat que compon el conservatori elemental de dansa d'Alcoi.  Un somni que el curs passat no vam poder tindre i tal vegada per aix\u00f2, aquest \u00e9s m\u00e9s especial que mai.  La clausura d'un curs escolar que, malgrat les dificultats, no ha faltat l'esfor\u00e7 i treball per continuar creixent com a ballarins i desenvolupant una infinitat de capacitats art\u00edstiques. Dos dies, replets d'il\u00b7lusi\u00f3 per demostrar l'apr\u00e9s, amb coreografies des del m\u00e9s pur estil cl\u00e0ssic, passant per la dansa contempor\u00e0nia i la dansa espanyola en totes les seues disciplines, sense oblidar la creativitat de l'alumnat m\u00e9s xicotet.","og_url":"https:\/\/www.conservatoridansaalcoi.com\/va\/cloenda-del-curs-academic\/","og_site_name":"Conservatorio de Danza","article_published_time":"2021-06-12T06:03:15+00:00","article_modified_time":"2021-09-08T09:33:03+00:00","og_image":[{"width":691,"height":1024,"url":"https:\/\/www.conservatoridansaalcoi.com\/wp-content\/uploads\/2021\/06\/WhatsApp-Image-2021-06-02-at-19.07.36.jpeg","type":"image\/jpeg"}],"author":"Carmina","twitter_card":"summary_large_image","twitter_misc":{"Written by":"Carmina"},"schema":{"@context":"https:\/\/schema.org","@graph":[{"@type":"Article","@id":"https:\/\/www.conservatoridansaalcoi.com\/va\/cloenda-del-curs-academic\/#article","isPartOf":{"@id":"https:\/\/www.conservatoridansaalcoi.com\/va\/cloenda-del-curs-academic\/"},"author":{"name":"Carmina","@id":"https:\/\/www.conservatoridansaalcoi.com\/va\/#\/schema\/person\/7f3d836291f5a354df9cd07db5e01522"},"headline":"Cloenda del curs Acad\u00e8mic","datePublished":"2021-06-12T06:03:15+00:00","dateModified":"2021-09-08T09:33:03+00:00","mainEntityOfPage":{"@id":"https:\/\/www.conservatoridansaalcoi.com\/va\/cloenda-del-curs-academic\/"},"wordCount":24,"commentCount":0,"publisher":{"@id":"https:\/\/www.conservatoridansaalcoi.com\/va\/#organization"},"image":{"@id":"https:\/\/www.conservatoridansaalcoi.com\/va\/cloenda-del-curs-academic\/#primaryimage"},"thumbnailUrl":"https:\/\/www.conservatoridansaalcoi.com\/wp-content\/uploads\/2021\/06\/WhatsApp-Image-2021-06-02-at-19.07.36.jpeg","articleSection":["Uncategorized @va"],"inLanguage":"es-VA","potentialAction":[{"@type":"CommentAction","name":"Comment","target":["https:\/\/www.conservatoridansaalcoi.com\/va\/cloenda-del-curs-academic\/#respond"]}]},{"@type":"WebPage","@id":"https:\/\/www.conservatoridansaalcoi.com\/va\/cloenda-del-curs-academic\/","url":"https:\/\/www.conservatoridansaalcoi.com\/va\/cloenda-del-curs-academic\/","name":"Cloenda del curs Acad\u00e8mic - Conservatorio de Danza","isPartOf":{"@id":"https:\/\/www.conservatoridansaalcoi.com\/va\/#website"},"primaryImageOfPage":{"@id":"https:\/\/www.conservatoridansaalcoi.com\/va\/cloenda-del-curs-academic\/#primaryimage"},"image":{"@id":"https:\/\/www.conservatoridansaalcoi.com\/va\/cloenda-del-curs-academic\/#primaryimage"},"thumbnailUrl":"https:\/\/www.conservatoridansaalcoi.com\/wp-content\/uploads\/2021\/06\/WhatsApp-Image-2021-06-02-at-19.07.36.jpeg","datePublished":"2021-06-12T06:03:15+00:00","dateModified":"2021-09-08T09:33:03+00:00","breadcrumb":{"@id":"https:\/\/www.conservatoridansaalcoi.com\/va\/cloenda-del-curs-academic\/#breadcrumb"},"inLanguage":"es-VA","potentialAction":[{"@type":"ReadAction","target":["https:\/\/www.conservatoridansaalcoi.com\/va\/cloenda-del-curs-academic\/"]}]},{"@type":"ImageObject","inLanguage":"es-VA","@id":"https:\/\/www.conservatoridansaalcoi.com\/va\/cloenda-del-curs-academic\/#primaryimage","url":"https:\/\/www.conservatoridansaalcoi.com\/wp-content\/uploads\/2021\/06\/WhatsApp-Image-2021-06-02-at-19.07.36.jpeg","contentUrl":"https:\/\/www.conservatoridansaalcoi.com\/wp-content\/uploads\/2021\/06\/WhatsApp-Image-2021-06-02-at-19.07.36.jpeg","width":691,"height":1024,"caption":"Informaci\u00f3n Clausura del curs 2021"},{"@type":"BreadcrumbList","@id":"https:\/\/www.conservatoridansaalcoi.com\/va\/cloenda-del-curs-academic\/#breadcrumb","itemListElement":[{"@type":"ListItem","position":1,"name":"Home","item":"https:\/\/www.conservatoridansaalcoi.com\/va\/"},{"@type":"ListItem","position":2,"name":"Cloenda del curs Acad\u00e8mic"}]},{"@type":"WebSite","@id":"https:\/\/www.conservatoridansaalcoi.com\/va\/#website","url":"https:\/\/www.conservatoridansaalcoi.com\/va\/","name":"Conservatorio de Danza","description":"La danza es el \u00fanico arte en el que nosotros mismos somos el material del que el arte est\u00e1 hecho.","publisher":{"@id":"https:\/\/www.conservatoridansaalcoi.com\/va\/#organization"},"potentialAction":[{"@type":"SearchAction","target":{"@type":"EntryPoint","urlTemplate":"https:\/\/www.conservatoridansaalcoi.com\/va\/?s={search_term_string}"},"query-input":{"@type":"PropertyValueSpecification","valueRequired":true,"valueName":"search_term_string"}}],"inLanguage":"es-VA"},{"@type":"Organization","@id":"https:\/\/www.conservatoridansaalcoi.com\/va\/#organization","name":"Conservatorio de Danza","url":"https:\/\/www.conservatoridansaalcoi.com\/va\/","logo":{"@type":"ImageObject","inLanguage":"es-VA","@id":"https:\/\/www.conservatoridansaalcoi.com\/va\/#\/schema\/logo\/image\/","url":"https:\/\/www.conservatoridansaalcoi.com\/wp-content\/uploads\/2020\/08\/logo-conservatorio-danza-h.svg","contentUrl":"https:\/\/www.conservatoridansaalcoi.com\/wp-content\/uploads\/2020\/08\/logo-conservatorio-danza-h.svg","width":1,"height":1,"caption":"Conservatorio de Danza"},"image":{"@id":"https:\/\/www.conservatoridansaalcoi.com\/va\/#\/schema\/logo\/image\/"}},{"@type":"Person","@id":"https:\/\/www.conservatoridansaalcoi.com\/va\/#\/schema\/person\/7f3d836291f5a354df9cd07db5e01522","name":"Carmina","image":{"@type":"ImageObject","inLanguage":"es-VA","@id":"https:\/\/secure.gravatar.com\/avatar\/5026b95ee0fb7f9edb0e854d10eb46551fbbb5ecc884f9642e6a5884fdc7fe96?s=96&d=mm&r=g","url":"https:\/\/secure.gravatar.com\/avatar\/5026b95ee0fb7f9edb0e854d10eb46551fbbb5ecc884f9642e6a5884fdc7fe96?s=96&d=mm&r=g","contentUrl":"https:\/\/secure.gravatar.com\/avatar\/5026b95ee0fb7f9edb0e854d10eb46551fbbb5ecc884f9642e6a5884fdc7fe96?s=96&d=mm&r=g","caption":"Carmina"},"url":"https:\/\/www.conservatoridansaalcoi.com\/va\/author\/carmina\/"}]}},"_links":{"self":[{"href":"https:\/\/www.conservatoridansaalcoi.com\/va\/wp-json\/wp\/v2\/posts\/3936","targetHints":{"allow":["GET"]}}],"collection":[{"href":"https:\/\/www.conservatoridansaalcoi.com\/va\/wp-json\/wp\/v2\/posts"}],"about":[{"href":"https:\/\/www.conservatoridansaalcoi.com\/va\/wp-json\/wp\/v2\/types\/post"}],"author":[{"embeddable":true,"href":"https:\/\/www.conservatoridansaalcoi.com\/va\/wp-json\/wp\/v2\/users\/5"}],"replies":[{"embeddable":true,"href":"https:\/\/www.conservatoridansaalcoi.com\/va\/wp-json\/wp\/v2\/comments?post=3936"}],"version-history":[{"count":1,"href":"https:\/\/www.conservatoridansaalcoi.com\/va\/wp-json\/wp\/v2\/posts\/3936\/revisions"}],"predecessor-version":[{"id":3937,"href":"https:\/\/www.conservatoridansaalcoi.com\/va\/wp-json\/wp\/v2\/posts\/3936\/revisions\/3937"}],"wp:featuredmedia":[{"embeddable":true,"href":"https:\/\/www.conservatoridansaalcoi.com\/va\/wp-json\/wp\/v2\/media\/3929"}],"wp:attachment":[{"href":"https:\/\/www.conservatoridansaalcoi.com\/va\/wp-json\/wp\/v2\/media?parent=3936"}],"wp:term":[{"taxonomy":"category","embeddable":true,"href":"https:\/\/www.conservatoridansaalcoi.com\/va\/wp-json\/wp\/v2\/categories?post=3936"},{"taxonomy":"post_tag","embeddable":true,"href":"https:\/\/www.conservatoridansaalcoi.com\/va\/wp-json\/wp\/v2\/tags?post=3936"}],"curies":[{"name":"wp","href":"https:\/\/api.w.org\/{rel}","templated":true}]}}