{"id":3299,"date":"2021-03-14T19:06:59","date_gmt":"2021-03-14T18:06:59","guid":{"rendered":"https:\/\/conservatoriodanza.acceseo.dev\/llancament-nova-web\/"},"modified":"2021-05-07T07:25:51","modified_gmt":"2021-05-07T05:25:51","slug":"llancament-nova-web","status":"publish","type":"post","link":"https:\/\/www.conservatoridansaalcoi.com\/va\/llancament-nova-web\/","title":{"rendered":"Llan\u00e7ament nova web"},"content":{"rendered":"\n<p>El dimecres 17 de mar\u00e7 es va llan\u00e7ar la nova web del Conservatori Elemental de Dansa d&#8217;Alcoi.<\/p>\n","protected":false},"excerpt":{"rendered":"<p>El dimecres 17 de mar\u00e7 es va llan\u00e7ar la nova web del Conservatori Elemental de Dansa d&#8217;Alcoi.<\/p>\n","protected":false},"author":5,"featured_media":2710,"comment_status":"open","ping_status":"open","sticky":false,"template":"","format":"standard","meta":{"_acf_changed":false,"footnotes":""},"categories":[4],"tags":[],"class_list":["post-3299","post","type-post","status-publish","format-standard","has-post-thumbnail","hentry","category-uncategorized-va"],"acf":[],"yoast_head":"<!-- This site is optimized with the Yoast SEO plugin v27.3 - https:\/\/yoast.com\/product\/yoast-seo-wordpress\/ -->\n<title>Llan\u00e7ament nova web - Conservatorio de Danza<\/title>\n<meta name=\"description\" content=\"Dimecres passat 17 de mar\u00e7 es va llan\u00e7ar la nova web del Conservatori Elemental de Dansa d&#039;Alcoi. Aquesta nova eina del centre ha sigut un repte i esperem que siga molt \u00fatil, visual i resolutiva per als usuaris. Agrair la implicaci\u00f3 i dedicaci\u00f3 de Trini Mir\u00f3 en la preparaci\u00f3 de tota la tasca documental i el treball de Lorena Luz, la qual es va posar al capdavant de la part de disseny juntament amb acceseo, l&#039;empresa encarregada de desenvolupar i portar a fi aquest projecte. Mil Gr\u00e0cies a Nacho Olcina i a Borja P\u00e9rez per la seua paci\u00e8ncia i lliurament. Des de la Direcci\u00f3n del centre enviar-vos la meua m\u00e9s sincera gratitud, sou un bon equip.\" \/>\n<meta name=\"robots\" content=\"index, follow, max-snippet:-1, max-image-preview:large, max-video-preview:-1\" \/>\n<link rel=\"canonical\" href=\"https:\/\/www.conservatoridansaalcoi.com\/va\/llancament-nova-web\/\" \/>\n<meta property=\"og:locale\" content=\"es_ES\" \/>\n<meta property=\"og:type\" content=\"article\" \/>\n<meta property=\"og:title\" content=\"Llan\u00e7ament nova web - Conservatorio de Danza\" \/>\n<meta property=\"og:description\" content=\"Dimecres passat 17 de mar\u00e7 es va llan\u00e7ar la nova web del Conservatori Elemental de Dansa d&#039;Alcoi. Aquesta nova eina del centre ha sigut un repte i esperem que siga molt \u00fatil, visual i resolutiva per als usuaris. Agrair la implicaci\u00f3 i dedicaci\u00f3 de Trini Mir\u00f3 en la preparaci\u00f3 de tota la tasca documental i el treball de Lorena Luz, la qual es va posar al capdavant de la part de disseny juntament amb acceseo, l&#039;empresa encarregada de desenvolupar i portar a fi aquest projecte. Mil Gr\u00e0cies a Nacho Olcina i a Borja P\u00e9rez per la seua paci\u00e8ncia i lliurament. Des de la Direcci\u00f3n del centre enviar-vos la meua m\u00e9s sincera gratitud, sou un bon equip.\" \/>\n<meta property=\"og:url\" content=\"https:\/\/www.conservatoridansaalcoi.com\/va\/llancament-nova-web\/\" \/>\n<meta property=\"og:site_name\" content=\"Conservatorio de Danza\" \/>\n<meta property=\"article:published_time\" content=\"2021-03-14T18:06:59+00:00\" \/>\n<meta property=\"article:modified_time\" content=\"2021-05-07T05:25:51+00:00\" \/>\n<meta name=\"author\" content=\"Carmina\" \/>\n<meta name=\"twitter:card\" content=\"summary_large_image\" \/>\n<meta name=\"twitter:label1\" content=\"Written by\" \/>\n\t<meta name=\"twitter:data1\" content=\"Carmina\" \/>\n<script type=\"application\/ld+json\" class=\"yoast-schema-graph\">{\"@context\":\"https:\\\/\\\/schema.org\",\"@graph\":[{\"@type\":\"Article\",\"@id\":\"https:\\\/\\\/www.conservatoridansaalcoi.com\\\/va\\\/llancament-nova-web\\\/#article\",\"isPartOf\":{\"@id\":\"https:\\\/\\\/www.conservatoridansaalcoi.com\\\/va\\\/llancament-nova-web\\\/\"},\"author\":{\"name\":\"Carmina\",\"@id\":\"https:\\\/\\\/www.conservatoridansaalcoi.com\\\/va\\\/#\\\/schema\\\/person\\\/7f3d836291f5a354df9cd07db5e01522\"},\"headline\":\"Llan\u00e7ament nova web\",\"datePublished\":\"2021-03-14T18:06:59+00:00\",\"dateModified\":\"2021-05-07T05:25:51+00:00\",\"mainEntityOfPage\":{\"@id\":\"https:\\\/\\\/www.conservatoridansaalcoi.com\\\/va\\\/llancament-nova-web\\\/\"},\"wordCount\":21,\"commentCount\":0,\"publisher\":{\"@id\":\"https:\\\/\\\/www.conservatoridansaalcoi.com\\\/va\\\/#organization\"},\"image\":{\"@id\":\"https:\\\/\\\/www.conservatoridansaalcoi.com\\\/va\\\/llancament-nova-web\\\/#primaryimage\"},\"thumbnailUrl\":\"https:\\\/\\\/www.conservatoridansaalcoi.com\\\/wp-content\\\/uploads\\\/2021\\\/01\\\/logo-conservatorio-danza-h-val.svg\",\"articleSection\":[\"Uncategorized @va\"],\"inLanguage\":\"es-VA\",\"potentialAction\":[{\"@type\":\"CommentAction\",\"name\":\"Comment\",\"target\":[\"https:\\\/\\\/www.conservatoridansaalcoi.com\\\/va\\\/llancament-nova-web\\\/#respond\"]}]},{\"@type\":\"WebPage\",\"@id\":\"https:\\\/\\\/www.conservatoridansaalcoi.com\\\/va\\\/llancament-nova-web\\\/\",\"url\":\"https:\\\/\\\/www.conservatoridansaalcoi.com\\\/va\\\/llancament-nova-web\\\/\",\"name\":\"Llan\u00e7ament nova web - Conservatorio de Danza\",\"isPartOf\":{\"@id\":\"https:\\\/\\\/www.conservatoridansaalcoi.com\\\/va\\\/#website\"},\"primaryImageOfPage\":{\"@id\":\"https:\\\/\\\/www.conservatoridansaalcoi.com\\\/va\\\/llancament-nova-web\\\/#primaryimage\"},\"image\":{\"@id\":\"https:\\\/\\\/www.conservatoridansaalcoi.com\\\/va\\\/llancament-nova-web\\\/#primaryimage\"},\"thumbnailUrl\":\"https:\\\/\\\/www.conservatoridansaalcoi.com\\\/wp-content\\\/uploads\\\/2021\\\/01\\\/logo-conservatorio-danza-h-val.svg\",\"datePublished\":\"2021-03-14T18:06:59+00:00\",\"dateModified\":\"2021-05-07T05:25:51+00:00\",\"description\":\"Dimecres passat 17 de mar\u00e7 es va llan\u00e7ar la nova web del Conservatori Elemental de Dansa d'Alcoi. Aquesta nova eina del centre ha sigut un repte i esperem que siga molt \u00fatil, visual i resolutiva per als usuaris. Agrair la implicaci\u00f3 i dedicaci\u00f3 de Trini Mir\u00f3 en la preparaci\u00f3 de tota la tasca documental i el treball de Lorena Luz, la qual es va posar al capdavant de la part de disseny juntament amb acceseo, l'empresa encarregada de desenvolupar i portar a fi aquest projecte. Mil Gr\u00e0cies a Nacho Olcina i a Borja P\u00e9rez per la seua paci\u00e8ncia i lliurament. Des de la Direcci\u00f3n del centre enviar-vos la meua m\u00e9s sincera gratitud, sou un bon equip.\",\"breadcrumb\":{\"@id\":\"https:\\\/\\\/www.conservatoridansaalcoi.com\\\/va\\\/llancament-nova-web\\\/#breadcrumb\"},\"inLanguage\":\"es-VA\",\"potentialAction\":[{\"@type\":\"ReadAction\",\"target\":[\"https:\\\/\\\/www.conservatoridansaalcoi.com\\\/va\\\/llancament-nova-web\\\/\"]}]},{\"@type\":\"ImageObject\",\"inLanguage\":\"es-VA\",\"@id\":\"https:\\\/\\\/www.conservatoridansaalcoi.com\\\/va\\\/llancament-nova-web\\\/#primaryimage\",\"url\":\"https:\\\/\\\/www.conservatoridansaalcoi.com\\\/wp-content\\\/uploads\\\/2021\\\/01\\\/logo-conservatorio-danza-h-val.svg\",\"contentUrl\":\"https:\\\/\\\/www.conservatoridansaalcoi.com\\\/wp-content\\\/uploads\\\/2021\\\/01\\\/logo-conservatorio-danza-h-val.svg\"},{\"@type\":\"BreadcrumbList\",\"@id\":\"https:\\\/\\\/www.conservatoridansaalcoi.com\\\/va\\\/llancament-nova-web\\\/#breadcrumb\",\"itemListElement\":[{\"@type\":\"ListItem\",\"position\":1,\"name\":\"Home\",\"item\":\"https:\\\/\\\/www.conservatoridansaalcoi.com\\\/va\\\/\"},{\"@type\":\"ListItem\",\"position\":2,\"name\":\"Llan\u00e7ament nova web\"}]},{\"@type\":\"WebSite\",\"@id\":\"https:\\\/\\\/www.conservatoridansaalcoi.com\\\/va\\\/#website\",\"url\":\"https:\\\/\\\/www.conservatoridansaalcoi.com\\\/va\\\/\",\"name\":\"Conservatorio de Danza\",\"description\":\"La danza es el \u00fanico arte en el que nosotros mismos somos el material del que el arte est\u00e1 hecho.\",\"publisher\":{\"@id\":\"https:\\\/\\\/www.conservatoridansaalcoi.com\\\/va\\\/#organization\"},\"potentialAction\":[{\"@type\":\"SearchAction\",\"target\":{\"@type\":\"EntryPoint\",\"urlTemplate\":\"https:\\\/\\\/www.conservatoridansaalcoi.com\\\/va\\\/?s={search_term_string}\"},\"query-input\":{\"@type\":\"PropertyValueSpecification\",\"valueRequired\":true,\"valueName\":\"search_term_string\"}}],\"inLanguage\":\"es-VA\"},{\"@type\":\"Organization\",\"@id\":\"https:\\\/\\\/www.conservatoridansaalcoi.com\\\/va\\\/#organization\",\"name\":\"Conservatorio de Danza\",\"url\":\"https:\\\/\\\/www.conservatoridansaalcoi.com\\\/va\\\/\",\"logo\":{\"@type\":\"ImageObject\",\"inLanguage\":\"es-VA\",\"@id\":\"https:\\\/\\\/www.conservatoridansaalcoi.com\\\/va\\\/#\\\/schema\\\/logo\\\/image\\\/\",\"url\":\"https:\\\/\\\/www.conservatoridansaalcoi.com\\\/wp-content\\\/uploads\\\/2020\\\/08\\\/logo-conservatorio-danza-h.svg\",\"contentUrl\":\"https:\\\/\\\/www.conservatoridansaalcoi.com\\\/wp-content\\\/uploads\\\/2020\\\/08\\\/logo-conservatorio-danza-h.svg\",\"width\":1,\"height\":1,\"caption\":\"Conservatorio de Danza\"},\"image\":{\"@id\":\"https:\\\/\\\/www.conservatoridansaalcoi.com\\\/va\\\/#\\\/schema\\\/logo\\\/image\\\/\"}},{\"@type\":\"Person\",\"@id\":\"https:\\\/\\\/www.conservatoridansaalcoi.com\\\/va\\\/#\\\/schema\\\/person\\\/7f3d836291f5a354df9cd07db5e01522\",\"name\":\"Carmina\",\"image\":{\"@type\":\"ImageObject\",\"inLanguage\":\"es-VA\",\"@id\":\"https:\\\/\\\/secure.gravatar.com\\\/avatar\\\/5026b95ee0fb7f9edb0e854d10eb46551fbbb5ecc884f9642e6a5884fdc7fe96?s=96&d=mm&r=g\",\"url\":\"https:\\\/\\\/secure.gravatar.com\\\/avatar\\\/5026b95ee0fb7f9edb0e854d10eb46551fbbb5ecc884f9642e6a5884fdc7fe96?s=96&d=mm&r=g\",\"contentUrl\":\"https:\\\/\\\/secure.gravatar.com\\\/avatar\\\/5026b95ee0fb7f9edb0e854d10eb46551fbbb5ecc884f9642e6a5884fdc7fe96?s=96&d=mm&r=g\",\"caption\":\"Carmina\"},\"url\":\"https:\\\/\\\/www.conservatoridansaalcoi.com\\\/va\\\/author\\\/carmina\\\/\"}]}<\/script>\n<!-- \/ Yoast SEO plugin. -->","yoast_head_json":{"title":"Llan\u00e7ament nova web - Conservatorio de Danza","description":"Dimecres passat 17 de mar\u00e7 es va llan\u00e7ar la nova web del Conservatori Elemental de Dansa d'Alcoi. Aquesta nova eina del centre ha sigut un repte i esperem que siga molt \u00fatil, visual i resolutiva per als usuaris. Agrair la implicaci\u00f3 i dedicaci\u00f3 de Trini Mir\u00f3 en la preparaci\u00f3 de tota la tasca documental i el treball de Lorena Luz, la qual es va posar al capdavant de la part de disseny juntament amb acceseo, l'empresa encarregada de desenvolupar i portar a fi aquest projecte. Mil Gr\u00e0cies a Nacho Olcina i a Borja P\u00e9rez per la seua paci\u00e8ncia i lliurament. Des de la Direcci\u00f3n del centre enviar-vos la meua m\u00e9s sincera gratitud, sou un bon equip.","robots":{"index":"index","follow":"follow","max-snippet":"max-snippet:-1","max-image-preview":"max-image-preview:large","max-video-preview":"max-video-preview:-1"},"canonical":"https:\/\/www.conservatoridansaalcoi.com\/va\/llancament-nova-web\/","og_locale":"es_ES","og_type":"article","og_title":"Llan\u00e7ament nova web - Conservatorio de Danza","og_description":"Dimecres passat 17 de mar\u00e7 es va llan\u00e7ar la nova web del Conservatori Elemental de Dansa d'Alcoi. Aquesta nova eina del centre ha sigut un repte i esperem que siga molt \u00fatil, visual i resolutiva per als usuaris. Agrair la implicaci\u00f3 i dedicaci\u00f3 de Trini Mir\u00f3 en la preparaci\u00f3 de tota la tasca documental i el treball de Lorena Luz, la qual es va posar al capdavant de la part de disseny juntament amb acceseo, l'empresa encarregada de desenvolupar i portar a fi aquest projecte. Mil Gr\u00e0cies a Nacho Olcina i a Borja P\u00e9rez per la seua paci\u00e8ncia i lliurament. Des de la Direcci\u00f3n del centre enviar-vos la meua m\u00e9s sincera gratitud, sou un bon equip.","og_url":"https:\/\/www.conservatoridansaalcoi.com\/va\/llancament-nova-web\/","og_site_name":"Conservatorio de Danza","article_published_time":"2021-03-14T18:06:59+00:00","article_modified_time":"2021-05-07T05:25:51+00:00","author":"Carmina","twitter_card":"summary_large_image","twitter_misc":{"Written by":"Carmina"},"schema":{"@context":"https:\/\/schema.org","@graph":[{"@type":"Article","@id":"https:\/\/www.conservatoridansaalcoi.com\/va\/llancament-nova-web\/#article","isPartOf":{"@id":"https:\/\/www.conservatoridansaalcoi.com\/va\/llancament-nova-web\/"},"author":{"name":"Carmina","@id":"https:\/\/www.conservatoridansaalcoi.com\/va\/#\/schema\/person\/7f3d836291f5a354df9cd07db5e01522"},"headline":"Llan\u00e7ament nova web","datePublished":"2021-03-14T18:06:59+00:00","dateModified":"2021-05-07T05:25:51+00:00","mainEntityOfPage":{"@id":"https:\/\/www.conservatoridansaalcoi.com\/va\/llancament-nova-web\/"},"wordCount":21,"commentCount":0,"publisher":{"@id":"https:\/\/www.conservatoridansaalcoi.com\/va\/#organization"},"image":{"@id":"https:\/\/www.conservatoridansaalcoi.com\/va\/llancament-nova-web\/#primaryimage"},"thumbnailUrl":"https:\/\/www.conservatoridansaalcoi.com\/wp-content\/uploads\/2021\/01\/logo-conservatorio-danza-h-val.svg","articleSection":["Uncategorized @va"],"inLanguage":"es-VA","potentialAction":[{"@type":"CommentAction","name":"Comment","target":["https:\/\/www.conservatoridansaalcoi.com\/va\/llancament-nova-web\/#respond"]}]},{"@type":"WebPage","@id":"https:\/\/www.conservatoridansaalcoi.com\/va\/llancament-nova-web\/","url":"https:\/\/www.conservatoridansaalcoi.com\/va\/llancament-nova-web\/","name":"Llan\u00e7ament nova web - Conservatorio de Danza","isPartOf":{"@id":"https:\/\/www.conservatoridansaalcoi.com\/va\/#website"},"primaryImageOfPage":{"@id":"https:\/\/www.conservatoridansaalcoi.com\/va\/llancament-nova-web\/#primaryimage"},"image":{"@id":"https:\/\/www.conservatoridansaalcoi.com\/va\/llancament-nova-web\/#primaryimage"},"thumbnailUrl":"https:\/\/www.conservatoridansaalcoi.com\/wp-content\/uploads\/2021\/01\/logo-conservatorio-danza-h-val.svg","datePublished":"2021-03-14T18:06:59+00:00","dateModified":"2021-05-07T05:25:51+00:00","description":"Dimecres passat 17 de mar\u00e7 es va llan\u00e7ar la nova web del Conservatori Elemental de Dansa d'Alcoi. Aquesta nova eina del centre ha sigut un repte i esperem que siga molt \u00fatil, visual i resolutiva per als usuaris. Agrair la implicaci\u00f3 i dedicaci\u00f3 de Trini Mir\u00f3 en la preparaci\u00f3 de tota la tasca documental i el treball de Lorena Luz, la qual es va posar al capdavant de la part de disseny juntament amb acceseo, l'empresa encarregada de desenvolupar i portar a fi aquest projecte. Mil Gr\u00e0cies a Nacho Olcina i a Borja P\u00e9rez per la seua paci\u00e8ncia i lliurament. Des de la Direcci\u00f3n del centre enviar-vos la meua m\u00e9s sincera gratitud, sou un bon equip.","breadcrumb":{"@id":"https:\/\/www.conservatoridansaalcoi.com\/va\/llancament-nova-web\/#breadcrumb"},"inLanguage":"es-VA","potentialAction":[{"@type":"ReadAction","target":["https:\/\/www.conservatoridansaalcoi.com\/va\/llancament-nova-web\/"]}]},{"@type":"ImageObject","inLanguage":"es-VA","@id":"https:\/\/www.conservatoridansaalcoi.com\/va\/llancament-nova-web\/#primaryimage","url":"https:\/\/www.conservatoridansaalcoi.com\/wp-content\/uploads\/2021\/01\/logo-conservatorio-danza-h-val.svg","contentUrl":"https:\/\/www.conservatoridansaalcoi.com\/wp-content\/uploads\/2021\/01\/logo-conservatorio-danza-h-val.svg"},{"@type":"BreadcrumbList","@id":"https:\/\/www.conservatoridansaalcoi.com\/va\/llancament-nova-web\/#breadcrumb","itemListElement":[{"@type":"ListItem","position":1,"name":"Home","item":"https:\/\/www.conservatoridansaalcoi.com\/va\/"},{"@type":"ListItem","position":2,"name":"Llan\u00e7ament nova web"}]},{"@type":"WebSite","@id":"https:\/\/www.conservatoridansaalcoi.com\/va\/#website","url":"https:\/\/www.conservatoridansaalcoi.com\/va\/","name":"Conservatorio de Danza","description":"La danza es el \u00fanico arte en el que nosotros mismos somos el material del que el arte est\u00e1 hecho.","publisher":{"@id":"https:\/\/www.conservatoridansaalcoi.com\/va\/#organization"},"potentialAction":[{"@type":"SearchAction","target":{"@type":"EntryPoint","urlTemplate":"https:\/\/www.conservatoridansaalcoi.com\/va\/?s={search_term_string}"},"query-input":{"@type":"PropertyValueSpecification","valueRequired":true,"valueName":"search_term_string"}}],"inLanguage":"es-VA"},{"@type":"Organization","@id":"https:\/\/www.conservatoridansaalcoi.com\/va\/#organization","name":"Conservatorio de Danza","url":"https:\/\/www.conservatoridansaalcoi.com\/va\/","logo":{"@type":"ImageObject","inLanguage":"es-VA","@id":"https:\/\/www.conservatoridansaalcoi.com\/va\/#\/schema\/logo\/image\/","url":"https:\/\/www.conservatoridansaalcoi.com\/wp-content\/uploads\/2020\/08\/logo-conservatorio-danza-h.svg","contentUrl":"https:\/\/www.conservatoridansaalcoi.com\/wp-content\/uploads\/2020\/08\/logo-conservatorio-danza-h.svg","width":1,"height":1,"caption":"Conservatorio de Danza"},"image":{"@id":"https:\/\/www.conservatoridansaalcoi.com\/va\/#\/schema\/logo\/image\/"}},{"@type":"Person","@id":"https:\/\/www.conservatoridansaalcoi.com\/va\/#\/schema\/person\/7f3d836291f5a354df9cd07db5e01522","name":"Carmina","image":{"@type":"ImageObject","inLanguage":"es-VA","@id":"https:\/\/secure.gravatar.com\/avatar\/5026b95ee0fb7f9edb0e854d10eb46551fbbb5ecc884f9642e6a5884fdc7fe96?s=96&d=mm&r=g","url":"https:\/\/secure.gravatar.com\/avatar\/5026b95ee0fb7f9edb0e854d10eb46551fbbb5ecc884f9642e6a5884fdc7fe96?s=96&d=mm&r=g","contentUrl":"https:\/\/secure.gravatar.com\/avatar\/5026b95ee0fb7f9edb0e854d10eb46551fbbb5ecc884f9642e6a5884fdc7fe96?s=96&d=mm&r=g","caption":"Carmina"},"url":"https:\/\/www.conservatoridansaalcoi.com\/va\/author\/carmina\/"}]}},"_links":{"self":[{"href":"https:\/\/www.conservatoridansaalcoi.com\/va\/wp-json\/wp\/v2\/posts\/3299","targetHints":{"allow":["GET"]}}],"collection":[{"href":"https:\/\/www.conservatoridansaalcoi.com\/va\/wp-json\/wp\/v2\/posts"}],"about":[{"href":"https:\/\/www.conservatoridansaalcoi.com\/va\/wp-json\/wp\/v2\/types\/post"}],"author":[{"embeddable":true,"href":"https:\/\/www.conservatoridansaalcoi.com\/va\/wp-json\/wp\/v2\/users\/5"}],"replies":[{"embeddable":true,"href":"https:\/\/www.conservatoridansaalcoi.com\/va\/wp-json\/wp\/v2\/comments?post=3299"}],"version-history":[{"count":1,"href":"https:\/\/www.conservatoridansaalcoi.com\/va\/wp-json\/wp\/v2\/posts\/3299\/revisions"}],"predecessor-version":[{"id":3300,"href":"https:\/\/www.conservatoridansaalcoi.com\/va\/wp-json\/wp\/v2\/posts\/3299\/revisions\/3300"}],"wp:featuredmedia":[{"embeddable":true,"href":"https:\/\/www.conservatoridansaalcoi.com\/va\/wp-json\/wp\/v2\/media\/2710"}],"wp:attachment":[{"href":"https:\/\/www.conservatoridansaalcoi.com\/va\/wp-json\/wp\/v2\/media?parent=3299"}],"wp:term":[{"taxonomy":"category","embeddable":true,"href":"https:\/\/www.conservatoridansaalcoi.com\/va\/wp-json\/wp\/v2\/categories?post=3299"},{"taxonomy":"post_tag","embeddable":true,"href":"https:\/\/www.conservatoridansaalcoi.com\/va\/wp-json\/wp\/v2\/tags?post=3299"}],"curies":[{"name":"wp","href":"https:\/\/api.w.org\/{rel}","templated":true}]}}